{"id":4528,"date":"2025-04-28T15:20:25","date_gmt":"2025-04-28T15:20:25","guid":{"rendered":"https:\/\/escolavila.com.br\/?p=4528"},"modified":"2025-04-28T15:21:07","modified_gmt":"2025-04-28T15:21:07","slug":"iris-matilde-boff-serbena-pedagoga-escritora-e-poeta","status":"publish","type":"post","link":"https:\/\/escolavila.com.br\/index.php\/2025\/04\/28\/iris-matilde-boff-serbena-pedagoga-escritora-e-poeta\/","title":{"rendered":"\u00cdris Matilde Boff Serbena &#8211; pedagoga, escritora e poeta"},"content":{"rendered":"\n<p>H\u00e1 mais de 60 anos, eu e meus onze irm\u00e3os nascemos numa escola onde meu pai era o professor e tudo estava integrado. O mesmo aconteceu com a professora F\u00e1tima Limaverde. Como ela, eu e meus irm\u00e3os, entre eles o conhecido escritor Leonardo Boff, apesar da atual desintegra\u00e7\u00e3o, carregamos a marca dessa unidade. Estamos, como Humanidade, \u00e0 beira de um precip\u00edcio, e s\u00f3 experi\u00eancia como a da Escola Vila poder\u00e3o nos salvar. Pela primeira e \u00fanica vez tive o privil\u00e9gio de ver, de maneira concreta, o que, como implantadora de Ensino Religioso nas escolas p\u00fablicas aqui do Paran\u00e1, preconizava: aliar valores e Sabedoria das Tradi\u00e7\u00f5es ao saber sistematizado. Seria uma falta de intelig\u00eancia e sensibilidade ignorar essa micro-revolu\u00e7\u00e3o, heran\u00e7a \u00fanica e necess\u00e1ria para as futuras gera\u00e7\u00f5es.<\/p>\n","protected":false},"excerpt":{"rendered":"<p>H\u00e1 mais de 60 anos, eu e meus onze irm\u00e3os nascemos numa escola onde meu pai era o professor e tudo estava integrado. O mesmo aconteceu com a professora F\u00e1tima Limaverde. Como ela, eu e meus irm\u00e3os, entre eles o conhecido escritor Leonardo Boff, apesar da atual desintegra\u00e7\u00e3o, carregamos a marca dessa unidade. Estamos, como Humanidade, \u00e0 beira de um precip\u00edcio, e s\u00f3 experi\u00eancia como a da Escola Vila poder\u00e3o nos salvar. Pela primeira e \u00fanica vez tive o privil\u00e9gio de ver, de maneira concreta, o que, como implantadora de Ensino Religioso nas escolas p\u00fablicas aqui do Paran\u00e1, preconizava: aliar valores e Sabedoria das Tradi\u00e7\u00f5es ao saber sistematizado. Seria uma falta de intelig\u00eancia e sensibilidade ignorar essa micro-revolu\u00e7\u00e3o, heran\u00e7a \u00fanica e necess\u00e1ria para as futuras gera\u00e7\u00f5es.<\/p>\n","protected":false},"author":1,"featured_media":1514,"comment_status":"open","ping_status":"open","sticky":false,"template":"","format":"standard","meta":{"_acf_changed":false,"footnotes":""},"categories":[7],"tags":[],"class_list":["post-4528","post","type-post","status-publish","format-standard","has-post-thumbnail","hentry","category-depoimentos"],"acf":[],"_links":{"self":[{"href":"https:\/\/escolavila.com.br\/index.php\/wp-json\/wp\/v2\/posts\/4528","targetHints":{"allow":["GET"]}}],"collection":[{"href":"https:\/\/escolavila.com.br\/index.php\/wp-json\/wp\/v2\/posts"}],"about":[{"href":"https:\/\/escolavila.com.br\/index.php\/wp-json\/wp\/v2\/types\/post"}],"author":[{"embeddable":true,"href":"https:\/\/escolavila.com.br\/index.php\/wp-json\/wp\/v2\/users\/1"}],"replies":[{"embeddable":true,"href":"https:\/\/escolavila.com.br\/index.php\/wp-json\/wp\/v2\/comments?post=4528"}],"version-history":[{"count":1,"href":"https:\/\/escolavila.com.br\/index.php\/wp-json\/wp\/v2\/posts\/4528\/revisions"}],"predecessor-version":[{"id":4529,"href":"https:\/\/escolavila.com.br\/index.php\/wp-json\/wp\/v2\/posts\/4528\/revisions\/4529"}],"wp:featuredmedia":[{"embeddable":true,"href":"https:\/\/escolavila.com.br\/index.php\/wp-json\/wp\/v2\/media\/1514"}],"wp:attachment":[{"href":"https:\/\/escolavila.com.br\/index.php\/wp-json\/wp\/v2\/media?parent=4528"}],"wp:term":[{"taxonomy":"category","embeddable":true,"href":"https:\/\/escolavila.com.br\/index.php\/wp-json\/wp\/v2\/categories?post=4528"},{"taxonomy":"post_tag","embeddable":true,"href":"https:\/\/escolavila.com.br\/index.php\/wp-json\/wp\/v2\/tags?post=4528"}],"curies":[{"name":"wp","href":"https:\/\/api.w.org\/{rel}","templated":true}]}}