{"id":5596,"date":"2025-08-07T13:19:25","date_gmt":"2025-08-07T13:19:25","guid":{"rendered":"https:\/\/escolavila.com.br\/?p=5596"},"modified":"2025-08-07T13:19:31","modified_gmt":"2025-08-07T13:19:31","slug":"iris-matilde-boff-serbena-pedagoga-escritora-e-poeta-2-2","status":"publish","type":"post","link":"https:\/\/escolavila.com.br\/index.php\/2025\/08\/07\/iris-matilde-boff-serbena-pedagoga-escritora-e-poeta-2-2\/","title":{"rendered":"Ex-aluna Escola Vila: Nahia Uribe de Oliveira"},"content":{"rendered":"\n<p>Ainda que s\u00f3 tenha reconhecido depois de ter sa\u00eddo dessa escola, a Vila foi, principalmente durante minha inf\u00e2ncia, como uma segunda casa. L\u00e1, aprendi valores que n\u00e3o esqueci, conheci pessoas das quais at\u00e9 hoje sou amiga e formei parte da minha personalidade e car\u00e1ter. Gosto de que, diferente de outros col\u00e9gios de Fortaleza, a Vila mantenha um contato mais pr\u00f3ximo entre professores, dire\u00e7\u00e3o e alunos, fazendo com que os alunos se sintam parte da escola. Al\u00e9m disso, o sistema de ensino tamb\u00e9m me agrada, pois n\u00e3o prepara os alunos apenas para enfrentar o vestibular, mas tamb\u00e9m a vida, coisa que o col\u00e9gio tem como prioridade, em vez da citada prova. Reconhe\u00e7o que enquanto estudava l\u00e1, n\u00e3o dava \u00e0 escola o devido valor, mas, agora que sa\u00ed, percebo qu\u00e3o bons e proveitosos foram os anos que passei l\u00e1 (Donosti, Espanha).<\/p>\n","protected":false},"excerpt":{"rendered":"<p>Ainda que s\u00f3 tenha reconhecido depois de ter sa\u00eddo dessa escola, a Vila foi, principalmente durante minha inf\u00e2ncia, como uma segunda casa. L\u00e1, aprendi valores que n\u00e3o esqueci, conheci pessoas das quais at\u00e9 hoje sou amiga e formei parte da minha personalidade e car\u00e1ter. Gosto de que, diferente de outros col\u00e9gios de Fortaleza, a Vila mantenha um contato mais pr\u00f3ximo entre professores, dire\u00e7\u00e3o e alunos, fazendo com que os alunos se sintam parte da escola. Al\u00e9m disso, o sistema de ensino tamb\u00e9m me agrada, pois n\u00e3o prepara os alunos apenas para enfrentar o vestibular, mas tamb\u00e9m a vida, coisa que o col\u00e9gio tem como prioridade, em vez da citada prova. Reconhe\u00e7o que enquanto estudava l\u00e1, n\u00e3o dava \u00e0 escola o devido valor, mas, agora que sa\u00ed, percebo qu\u00e3o bons e proveitosos foram os anos que passei l\u00e1 (Donosti, Espanha).<\/p>\n","protected":false},"author":4,"featured_media":1514,"comment_status":"open","ping_status":"open","sticky":false,"template":"","format":"standard","meta":{"_acf_changed":false,"footnotes":""},"categories":[7],"tags":[],"class_list":["post-5596","post","type-post","status-publish","format-standard","has-post-thumbnail","hentry","category-depoimentos"],"acf":[],"_links":{"self":[{"href":"https:\/\/escolavila.com.br\/index.php\/wp-json\/wp\/v2\/posts\/5596","targetHints":{"allow":["GET"]}}],"collection":[{"href":"https:\/\/escolavila.com.br\/index.php\/wp-json\/wp\/v2\/posts"}],"about":[{"href":"https:\/\/escolavila.com.br\/index.php\/wp-json\/wp\/v2\/types\/post"}],"author":[{"embeddable":true,"href":"https:\/\/escolavila.com.br\/index.php\/wp-json\/wp\/v2\/users\/4"}],"replies":[{"embeddable":true,"href":"https:\/\/escolavila.com.br\/index.php\/wp-json\/wp\/v2\/comments?post=5596"}],"version-history":[{"count":1,"href":"https:\/\/escolavila.com.br\/index.php\/wp-json\/wp\/v2\/posts\/5596\/revisions"}],"predecessor-version":[{"id":5597,"href":"https:\/\/escolavila.com.br\/index.php\/wp-json\/wp\/v2\/posts\/5596\/revisions\/5597"}],"wp:featuredmedia":[{"embeddable":true,"href":"https:\/\/escolavila.com.br\/index.php\/wp-json\/wp\/v2\/media\/1514"}],"wp:attachment":[{"href":"https:\/\/escolavila.com.br\/index.php\/wp-json\/wp\/v2\/media?parent=5596"}],"wp:term":[{"taxonomy":"category","embeddable":true,"href":"https:\/\/escolavila.com.br\/index.php\/wp-json\/wp\/v2\/categories?post=5596"},{"taxonomy":"post_tag","embeddable":true,"href":"https:\/\/escolavila.com.br\/index.php\/wp-json\/wp\/v2\/tags?post=5596"}],"curies":[{"name":"wp","href":"https:\/\/api.w.org\/{rel}","templated":true}]}}